{"id":68604,"date":"2021-09-20T11:14:45","date_gmt":"2021-09-20T09:14:45","guid":{"rendered":"https:\/\/www.aurigaspa.com\/?p=68604"},"modified":"2021-09-24T10:48:49","modified_gmt":"2021-09-24T08:48:49","slug":"martin-espinel","status":"publish","type":"post","link":"https:\/\/www.aurigaspa.com\/es\/noticias-y-medios-de-comunicacion\/blog-esp\/martin-espinel\/","title":{"rendered":"Meet the Team: Mart\u00edn Espinel- Vicepresidente Comercial en Auriga LATAM"},"content":{"rendered":"<p>Sabemos que las personas son el recurso m\u00e1s importante para el \u00e9xito de las empresas y Auriga est\u00e1 conformado por un diverso equipo de expertos que aportan gran valor.<\/p>\n<p><picture><source srcset=\"https:\/\/www.aurigaspa.com\/wp-content\/uploads\/Foto-Martin-Espinel.webp\" type=\"image\/webp\"><img loading=\"lazy\" decoding=\"async\" class=\"wp-image-68619 alignleft\" src=\"https:\/\/www.aurigaspa.com\/wp-content\/uploads\/Foto-Martin-Espinel.jpeg\" alt=\"Martin Espinel\" width=\"401\" height=\"316\" \/><\/picture>Hoy queremos presentarte a Mart\u00edn Espinel, Vicepresidente Comercial en Latinoam\u00e9rica. Hablamos con \u00e9l acerca de su rol, los <strong>desaf\u00edos y perspectiva<\/strong> sobre la tecnolog\u00eda para la banca omnicanal en la regi\u00f3n.<\/p>\n<h2>Un poco de su historia<\/h2>\n<p>Mart\u00edn Espinel se incorpor\u00f3 como Vicepresidente Comercial de Auriga LATAM en 2020 para apoyar a los mercados latinoamericanos en su transformaci\u00f3n digital y en los nuevos modelos de negocios apalancados en soluciones multivendor.<\/p>\n<p>Cuenta con m\u00e1s de 27 a\u00f1os de experiencia profesional en la banca, generando y liderando <strong>nuevos modelos de negocio<\/strong> y aplicando la \u00faltima tecnolog\u00eda para la transformaci\u00f3n bancaria y digital.<\/p>\n<p>Su trayectoria le ha permitido entender las necesidades de sus clientes y traducirlas en <strong>propuestas innovadoras<\/strong>, aplicando soluciones tecnol\u00f3gicas que agregan valor y sostenido crecimiento empresarial.<\/p>\n<h2>\u00bfQu\u00e9 significa para ti estar a cargo del inicio de las actividades de Auriga en la regi\u00f3n?<\/h2>\n<p><strong>\u00a0<\/strong>Un gran reto. Tengo la convicci\u00f3n de poder aportar a la transformaci\u00f3n digital de la regi\u00f3n, desde mi experiencia y mi pasi\u00f3n por los servicios financieros, con la <strong>mejor tecnolog\u00eda para generar alto impacto<\/strong> en la estrategia y resultado de nuestros clientes.<\/p>\n<h2>\u00bfQu\u00e9 es lo mejor de trabajar en el sector de la tecnolog\u00eda bancaria, y por qu\u00e9 Auriga es diferente? Cu\u00e9ntanos su valor agregado.<\/h2>\n<p>Este sector permite proporcionar al consumidor mejores experiencias en el uso de los servicios bancarios y financieros. \u00a0Auriga se destaca ya que siempre ha estado comprometida con la investigaci\u00f3n y el desarrollo para <strong>garantizar los m\u00e1s altos est\u00e1ndares de producto<\/strong>, dise\u00f1ando y desarrollando software bancario innovador y de calidad.<\/p>\n<p>Nuestras soluciones integradas de software propietario han contribuido a definir los est\u00e1ndares de los nuevos modelos de banca omnicanal.<\/p>\n<p>Adem\u00e1s, la arquitectura de nuestra <a href=\"https:\/\/www.aurigaspa.com\/es\/banca\/necesidades\/integracion-canales\/\">plataforma WWS<\/a>, basada en web, es capaz de garantizar la perfecta sinergia entre autoservicio, sucursal, banca por internet y banca m\u00f3vil.<\/p>\n<p>En lo que respecta a la regi\u00f3n, somos una compa\u00f1\u00eda experta en SW multivendor, \u00fanico en el mercado, y queremos convertirnos en la mejor opci\u00f3n para <strong>acelerar el proceso de transformaci\u00f3n digital <\/strong>de las instituciones financieras latinoamericanas.<\/p>\n<p>Nuestra entrada en este territorio, dirigida desde nuestra oficina en Ciudad de M\u00e9xico- con DemoCenters en M\u00e9xico, Colombia y pr\u00f3ximamente en Centroam\u00e9rica- tiene el objetivo de apoyar a los bancos de la regi\u00f3n en su proceso de digitalizaci\u00f3n \u00a0y de ampliar nuestra oferta en este nuevo mercado.<\/p>\n<h2>\u00bfC\u00f3mo ve el mercado bancario latinoam\u00e9ricano? \u00bfCu\u00e1l es el mayor desaf\u00edo?<\/h2>\n<p>La situaci\u00f3n actual ha puesto de manifiesto, como nunca antes, el poder de la tecnolog\u00eda para ayudar al sector financiero a seguir prestando un excelente servicio a sus clientes, ser m\u00e1s eficientes y productivos, a la vez que se garantiza su seguridad.<\/p>\n<p>Como proveedor de soluciones tecnol\u00f3gicas para la banca omnicanal y los sistemas de pagos, la visi\u00f3n de Auriga apuesta por la transformaci\u00f3n de las sucursales bancarias: desde compartir espacios f\u00edsicos con otras entidades y marcas para ofrecer servicios complementarios (\u00e1reas de coworking, cafeter\u00edas, librer\u00edas, etc.) hasta garantizar una <strong>atenci\u00f3n remota personalizada<\/strong>, disponible las 24 horas del d\u00eda.<\/p>\n<p>Adem\u00e1s de garantizar el acceso al efectivo, la infraestructura de los cajeros autom\u00e1ticos y los dispositivos de servicio asistido tendr\u00e1n que modernizarse, ofreciendo <strong>una amplia gama de funcionalidades<\/strong> para que el cliente pueda interactuar con un empleado de forma remota sin renunciar a la atenci\u00f3n personalizada.<\/p>\n<p>Tambi\u00e9n cambiar\u00e1 la modalidad de gesti\u00f3n de estos dispositivos: veremos cada vez m\u00e1s el uso compartido de infraestructuras por m\u00e1s de un proveedor, con cajeros marca blanca y una \u00fanica plataforma de software.<\/p>\n<h2>\u00bfPor qu\u00e9 los bancos tradicionales deben digitalizarse?<\/h2>\n<p>M\u00e1s que una raz\u00f3n para digitalizarse, hablar\u00eda del motivo por el que los bancos tradicionales deber\u00edan integrar su presencia f\u00edsica en las sucursales con tecnolog\u00eda de avanzada. Esto les permitir\u00e1 marcar la diferencia para brindar al cliente una experiencia cada vez m\u00e1s a la medida de sus necesidades.<\/p>\n<p>Por ejemplo, disponer de un software para cajeros autom\u00e1ticos que permita una <strong>alineaci\u00f3n perfecta con las necesidades actuales y futuras <\/strong>va a ser clave en el futuro.<\/p>\n<p>Los clientes exigen cada vez m\u00e1s coherencia entre los canales m\u00f3viles y los f\u00edsicos: las sucursales que consigan satisfacer esas necesidades dar\u00e1n lugar a una <strong>mayor retenci\u00f3n de clientes <\/strong>e incluso podr\u00edan reducir el costo por transacci\u00f3n en el mantenimiento de un sistema de cajeros autom\u00e1ticos.<\/p>\n<p>Adem\u00e1s, tecnolog\u00edas como la <strong>Inteligencia Artificial<\/strong> y la <strong>automatizaci\u00f3n<\/strong> juegan un papel fundamental en las operaciones m\u00e1s simples y repetitivas, quitando presi\u00f3n sobre los operadores humanos, que podr\u00e1n dedicarse a atender situaciones m\u00e1s complejas, como la asistencia y asesor\u00eda a los clientes que lo requieran.<\/p>\n<p>Esta estrategia de transformaci\u00f3n de sucursales permitir\u00e1 al banco dotar de nuevas funciones al equipo existente para tareas que sumen valor.<\/p>\n","protected":false},"excerpt":{"rendered":"<p>Sabemos que las personas son el recurso m\u00e1s importante para el \u00e9xito de las empresas y Auriga est\u00e1 conformado por un diverso equipo de expertos que aportan gran valor. Hoy queremos presentarte a Mart\u00edn Espinel, Vicepresidente Comercial en Latinoam\u00e9rica. Hablamos con \u00e9l acerca de su rol, los desaf\u00edos y perspectiva sobre la tecnolog\u00eda para la<\/p>\n","protected":false},"author":1,"featured_media":68609,"comment_status":"closed","ping_status":"closed","sticky":false,"template":"","format":"standard","meta":{"footnotes":""},"categories":[6028],"tags":[],"class_list":["post-68604","post","type-post","status-publish","format-standard","has-post-thumbnail","hentry","category-blog-esp"],"yoast_head":"<!-- This site is optimized with the Yoast SEO Premium plugin v27.5 (Yoast SEO v27.5) - https:\/\/yoast.com\/product\/yoast-seo-premium-wordpress\/ -->\n<title>Meet the Team: Mart\u00edn Espinel- VP Comercial en Auriga LATAM<\/title>\n<meta name=\"description\" content=\"Hoy queremos presentarte a Mart\u00edn Espinel. Hablamos con \u00e9l acerca de su rol, los desaf\u00edos y perspectiva sobre la tecnolog\u00eda\" \/>\n<meta name=\"robots\" content=\"index, follow, max-snippet:-1, max-image-preview:large, max-video-preview:-1\" \/>\n<link rel=\"canonical\" href=\"https:\/\/www.aurigaspa.com\/es\/noticias-y-medios-de-comunicacion\/blog-esp\/martin-espinel\/\" \/>\n<meta property=\"og:locale\" content=\"es_ES\" \/>\n<meta property=\"og:type\" content=\"article\" \/>\n<meta property=\"og:title\" content=\"Meet the Team: Mart\u00edn Espinel- VP Comercial en Auriga LATAM\" \/>\n<meta property=\"og:description\" content=\"Hoy queremos presentarte a Mart\u00edn Espinel. Hablamos con \u00e9l acerca de su rol, los desaf\u00edos y perspectiva sobre la tecnolog\u00eda\" \/>\n<meta property=\"og:url\" content=\"https:\/\/www.aurigaspa.com\/es\/noticias-y-medios-de-comunicacion\/blog-esp\/martin-espinel\/\" \/>\n<meta property=\"og:site_name\" content=\"Auriga\" \/>\n<meta property=\"article:publisher\" content=\"https:\/\/www.facebook.com\/aurigaspa\" \/>\n<meta property=\"article:published_time\" content=\"2021-09-20T09:14:45+00:00\" \/>\n<meta property=\"article:modified_time\" content=\"2021-09-24T08:48:49+00:00\" \/>\n<meta property=\"og:image\" content=\"https:\/\/i2.wp.com\/www.aurigaspa.com\/wp-content\/uploads\/martin-espinel.png?fit=850%2C390&ssl=1\" \/>\n\t<meta property=\"og:image:width\" content=\"850\" \/>\n\t<meta property=\"og:image:height\" content=\"390\" \/>\n\t<meta property=\"og:image:type\" content=\"image\/jpeg\" \/>\n<meta name=\"author\" content=\"Roberto\" \/>\n<meta name=\"twitter:card\" content=\"summary_large_image\" \/>\n<meta name=\"twitter:title\" content=\"Meet the Team: Mart\u00edn Espinel- VP Comercial en Auriga LATAM\" \/>\n<meta name=\"twitter:description\" content=\"Hoy queremos presentarte a Mart\u00edn Espinel. Hablamos con \u00e9l acerca de su rol, los desaf\u00edos y perspectiva sobre la tecnolog\u00eda\" \/>\n<meta name=\"twitter:image\" content=\"https:\/\/www.aurigaspa.com\/wp-content\/uploads\/martin-espinel.png\" \/>\n<meta name=\"twitter:label1\" content=\"Escrito por\" \/>\n\t<meta name=\"twitter:data1\" content=\"Roberto\" \/>\n\t<meta name=\"twitter:label2\" content=\"Tiempo de lectura\" \/>\n\t<meta name=\"twitter:data2\" content=\"4 minutos\" \/>\n<script type=\"application\/ld+json\" class=\"yoast-schema-graph\">{\"@context\":\"https:\\\/\\\/schema.org\",\"@graph\":[{\"@type\":\"Article\",\"@id\":\"https:\\\/\\\/www.aurigaspa.com\\\/es\\\/noticias-y-medios-de-comunicacion\\\/blog-esp\\\/martin-espinel\\\/#article\",\"isPartOf\":{\"@id\":\"https:\\\/\\\/www.aurigaspa.com\\\/es\\\/noticias-y-medios-de-comunicacion\\\/blog-esp\\\/martin-espinel\\\/\"},\"author\":{\"name\":\"Roberto\",\"@id\":\"https:\\\/\\\/www.aurigaspa.com\\\/es\\\/#\\\/schema\\\/person\\\/8b3ed77214b1f6af4b421d4cf1c8dced\"},\"headline\":\"Meet the Team: Mart\u00edn Espinel- Vicepresidente Comercial en Auriga LATAM\",\"datePublished\":\"2021-09-20T09:14:45+00:00\",\"dateModified\":\"2021-09-24T08:48:49+00:00\",\"mainEntityOfPage\":{\"@id\":\"https:\\\/\\\/www.aurigaspa.com\\\/es\\\/noticias-y-medios-de-comunicacion\\\/blog-esp\\\/martin-espinel\\\/\"},\"wordCount\":892,\"publisher\":{\"@id\":\"https:\\\/\\\/www.aurigaspa.com\\\/es\\\/#organization\"},\"image\":{\"@id\":\"https:\\\/\\\/www.aurigaspa.com\\\/es\\\/noticias-y-medios-de-comunicacion\\\/blog-esp\\\/martin-espinel\\\/#primaryimage\"},\"thumbnailUrl\":\"https:\\\/\\\/www.aurigaspa.com\\\/wp-content\\\/uploads\\\/martin-espinel.png\",\"articleSection\":[\"Blog\"],\"inLanguage\":\"es\"},{\"@type\":\"WebPage\",\"@id\":\"https:\\\/\\\/www.aurigaspa.com\\\/es\\\/noticias-y-medios-de-comunicacion\\\/blog-esp\\\/martin-espinel\\\/\",\"url\":\"https:\\\/\\\/www.aurigaspa.com\\\/es\\\/noticias-y-medios-de-comunicacion\\\/blog-esp\\\/martin-espinel\\\/\",\"name\":\"Meet the Team: Mart\u00edn Espinel- VP Comercial en Auriga LATAM\",\"isPartOf\":{\"@id\":\"https:\\\/\\\/www.aurigaspa.com\\\/es\\\/#website\"},\"primaryImageOfPage\":{\"@id\":\"https:\\\/\\\/www.aurigaspa.com\\\/es\\\/noticias-y-medios-de-comunicacion\\\/blog-esp\\\/martin-espinel\\\/#primaryimage\"},\"image\":{\"@id\":\"https:\\\/\\\/www.aurigaspa.com\\\/es\\\/noticias-y-medios-de-comunicacion\\\/blog-esp\\\/martin-espinel\\\/#primaryimage\"},\"thumbnailUrl\":\"https:\\\/\\\/www.aurigaspa.com\\\/wp-content\\\/uploads\\\/martin-espinel.png\",\"datePublished\":\"2021-09-20T09:14:45+00:00\",\"dateModified\":\"2021-09-24T08:48:49+00:00\",\"description\":\"Hoy queremos presentarte a Mart\u00edn Espinel. Hablamos con \u00e9l acerca de su rol, los desaf\u00edos y perspectiva sobre la tecnolog\u00eda\",\"breadcrumb\":{\"@id\":\"https:\\\/\\\/www.aurigaspa.com\\\/es\\\/noticias-y-medios-de-comunicacion\\\/blog-esp\\\/martin-espinel\\\/#breadcrumb\"},\"inLanguage\":\"es\",\"potentialAction\":[{\"@type\":\"ReadAction\",\"target\":[\"https:\\\/\\\/www.aurigaspa.com\\\/es\\\/noticias-y-medios-de-comunicacion\\\/blog-esp\\\/martin-espinel\\\/\"]}]},{\"@type\":\"ImageObject\",\"inLanguage\":\"es\",\"@id\":\"https:\\\/\\\/www.aurigaspa.com\\\/es\\\/noticias-y-medios-de-comunicacion\\\/blog-esp\\\/martin-espinel\\\/#primaryimage\",\"url\":\"https:\\\/\\\/www.aurigaspa.com\\\/wp-content\\\/uploads\\\/martin-espinel.png\",\"contentUrl\":\"https:\\\/\\\/www.aurigaspa.com\\\/wp-content\\\/uploads\\\/martin-espinel.png\",\"width\":850,\"height\":390,\"caption\":\"martin espinel\"},{\"@type\":\"BreadcrumbList\",\"@id\":\"https:\\\/\\\/www.aurigaspa.com\\\/es\\\/noticias-y-medios-de-comunicacion\\\/blog-esp\\\/martin-espinel\\\/#breadcrumb\",\"itemListElement\":[{\"@type\":\"ListItem\",\"position\":1,\"name\":\"Home\",\"item\":\"https:\\\/\\\/www.aurigaspa.com\\\/es\\\/\"},{\"@type\":\"ListItem\",\"position\":2,\"name\":\"Meet the Team: Mart\u00edn Espinel- Vicepresidente Comercial en Auriga LATAM\"}]},{\"@type\":\"WebSite\",\"@id\":\"https:\\\/\\\/www.aurigaspa.com\\\/es\\\/#website\",\"url\":\"https:\\\/\\\/www.aurigaspa.com\\\/es\\\/\",\"name\":\"Auriga\",\"description\":\"The banking evolution\",\"publisher\":{\"@id\":\"https:\\\/\\\/www.aurigaspa.com\\\/es\\\/#organization\"},\"potentialAction\":[{\"@type\":\"SearchAction\",\"target\":{\"@type\":\"EntryPoint\",\"urlTemplate\":\"https:\\\/\\\/www.aurigaspa.com\\\/es\\\/?s={search_term_string}\"},\"query-input\":{\"@type\":\"PropertyValueSpecification\",\"valueRequired\":true,\"valueName\":\"search_term_string\"}}],\"inLanguage\":\"es\"},{\"@type\":\"Organization\",\"@id\":\"https:\\\/\\\/www.aurigaspa.com\\\/es\\\/#organization\",\"name\":\"Auriga\",\"url\":\"https:\\\/\\\/www.aurigaspa.com\\\/es\\\/\",\"logo\":{\"@type\":\"ImageObject\",\"inLanguage\":\"es\",\"@id\":\"https:\\\/\\\/www.aurigaspa.com\\\/es\\\/#\\\/schema\\\/logo\\\/image\\\/\",\"url\":\"https:\\\/\\\/www.aurigaspa.com\\\/wp-content\\\/uploads\\\/marchio_auriga_nopayoff_web.png\",\"contentUrl\":\"https:\\\/\\\/www.aurigaspa.com\\\/wp-content\\\/uploads\\\/marchio_auriga_nopayoff_web.png\",\"width\":660,\"height\":360,\"caption\":\"Auriga\"},\"image\":{\"@id\":\"https:\\\/\\\/www.aurigaspa.com\\\/es\\\/#\\\/schema\\\/logo\\\/image\\\/\"},\"sameAs\":[\"https:\\\/\\\/www.facebook.com\\\/aurigaspa\",\"https:\\\/\\\/www.instagram.com\\\/auriga_the_banking_evolution\\\/\",\"https:\\\/\\\/www.linkedin.com\\\/company\\\/auriga-spa\",\"https:\\\/\\\/www.youtube.com\\\/user\\\/aurigaspacom\"]},{\"@type\":\"Person\",\"@id\":\"https:\\\/\\\/www.aurigaspa.com\\\/es\\\/#\\\/schema\\\/person\\\/8b3ed77214b1f6af4b421d4cf1c8dced\",\"name\":\"Roberto\",\"image\":{\"@type\":\"ImageObject\",\"inLanguage\":\"es\",\"@id\":\"https:\\\/\\\/secure.gravatar.com\\\/avatar\\\/a60dc2ae898eaddf9dc429fcf2a75cb42a37382c1fa0db640d0a6f6edd0b6fec?s=96&d=mm&r=g\",\"url\":\"https:\\\/\\\/secure.gravatar.com\\\/avatar\\\/a60dc2ae898eaddf9dc429fcf2a75cb42a37382c1fa0db640d0a6f6edd0b6fec?s=96&d=mm&r=g\",\"contentUrl\":\"https:\\\/\\\/secure.gravatar.com\\\/avatar\\\/a60dc2ae898eaddf9dc429fcf2a75cb42a37382c1fa0db640d0a6f6edd0b6fec?s=96&d=mm&r=g\",\"caption\":\"Roberto\"}}]}<\/script>\n<!-- \/ Yoast SEO Premium plugin. -->","yoast_head_json":{"title":"Meet the Team: Mart\u00edn Espinel- VP Comercial en Auriga LATAM","description":"Hoy queremos presentarte a Mart\u00edn Espinel. Hablamos con \u00e9l acerca de su rol, los desaf\u00edos y perspectiva sobre la tecnolog\u00eda","robots":{"index":"index","follow":"follow","max-snippet":"max-snippet:-1","max-image-preview":"max-image-preview:large","max-video-preview":"max-video-preview:-1"},"canonical":"https:\/\/www.aurigaspa.com\/es\/noticias-y-medios-de-comunicacion\/blog-esp\/martin-espinel\/","og_locale":"es_ES","og_type":"article","og_title":"Meet the Team: Mart\u00edn Espinel- VP Comercial en Auriga LATAM","og_description":"Hoy queremos presentarte a Mart\u00edn Espinel. Hablamos con \u00e9l acerca de su rol, los desaf\u00edos y perspectiva sobre la tecnolog\u00eda","og_url":"https:\/\/www.aurigaspa.com\/es\/noticias-y-medios-de-comunicacion\/blog-esp\/martin-espinel\/","og_site_name":"Auriga","article_publisher":"https:\/\/www.facebook.com\/aurigaspa","article_published_time":"2021-09-20T09:14:45+00:00","article_modified_time":"2021-09-24T08:48:49+00:00","og_image":[{"width":850,"height":390,"url":"https:\/\/i2.wp.com\/www.aurigaspa.com\/wp-content\/uploads\/martin-espinel.png?fit=850%2C390&ssl=1","type":"image\/jpeg"}],"author":"Roberto","twitter_card":"summary_large_image","twitter_title":"Meet the Team: Mart\u00edn Espinel- VP Comercial en Auriga LATAM","twitter_description":"Hoy queremos presentarte a Mart\u00edn Espinel. Hablamos con \u00e9l acerca de su rol, los desaf\u00edos y perspectiva sobre la tecnolog\u00eda","twitter_image":"https:\/\/www.aurigaspa.com\/wp-content\/uploads\/martin-espinel.png","twitter_misc":{"Escrito por":"Roberto","Tiempo de lectura":"4 minutos"},"schema":{"@context":"https:\/\/schema.org","@graph":[{"@type":"Article","@id":"https:\/\/www.aurigaspa.com\/es\/noticias-y-medios-de-comunicacion\/blog-esp\/martin-espinel\/#article","isPartOf":{"@id":"https:\/\/www.aurigaspa.com\/es\/noticias-y-medios-de-comunicacion\/blog-esp\/martin-espinel\/"},"author":{"name":"Roberto","@id":"https:\/\/www.aurigaspa.com\/es\/#\/schema\/person\/8b3ed77214b1f6af4b421d4cf1c8dced"},"headline":"Meet the Team: Mart\u00edn Espinel- Vicepresidente Comercial en Auriga LATAM","datePublished":"2021-09-20T09:14:45+00:00","dateModified":"2021-09-24T08:48:49+00:00","mainEntityOfPage":{"@id":"https:\/\/www.aurigaspa.com\/es\/noticias-y-medios-de-comunicacion\/blog-esp\/martin-espinel\/"},"wordCount":892,"publisher":{"@id":"https:\/\/www.aurigaspa.com\/es\/#organization"},"image":{"@id":"https:\/\/www.aurigaspa.com\/es\/noticias-y-medios-de-comunicacion\/blog-esp\/martin-espinel\/#primaryimage"},"thumbnailUrl":"https:\/\/www.aurigaspa.com\/wp-content\/uploads\/martin-espinel.png","articleSection":["Blog"],"inLanguage":"es"},{"@type":"WebPage","@id":"https:\/\/www.aurigaspa.com\/es\/noticias-y-medios-de-comunicacion\/blog-esp\/martin-espinel\/","url":"https:\/\/www.aurigaspa.com\/es\/noticias-y-medios-de-comunicacion\/blog-esp\/martin-espinel\/","name":"Meet the Team: Mart\u00edn Espinel- VP Comercial en Auriga LATAM","isPartOf":{"@id":"https:\/\/www.aurigaspa.com\/es\/#website"},"primaryImageOfPage":{"@id":"https:\/\/www.aurigaspa.com\/es\/noticias-y-medios-de-comunicacion\/blog-esp\/martin-espinel\/#primaryimage"},"image":{"@id":"https:\/\/www.aurigaspa.com\/es\/noticias-y-medios-de-comunicacion\/blog-esp\/martin-espinel\/#primaryimage"},"thumbnailUrl":"https:\/\/www.aurigaspa.com\/wp-content\/uploads\/martin-espinel.png","datePublished":"2021-09-20T09:14:45+00:00","dateModified":"2021-09-24T08:48:49+00:00","description":"Hoy queremos presentarte a Mart\u00edn Espinel. Hablamos con \u00e9l acerca de su rol, los desaf\u00edos y perspectiva sobre la tecnolog\u00eda","breadcrumb":{"@id":"https:\/\/www.aurigaspa.com\/es\/noticias-y-medios-de-comunicacion\/blog-esp\/martin-espinel\/#breadcrumb"},"inLanguage":"es","potentialAction":[{"@type":"ReadAction","target":["https:\/\/www.aurigaspa.com\/es\/noticias-y-medios-de-comunicacion\/blog-esp\/martin-espinel\/"]}]},{"@type":"ImageObject","inLanguage":"es","@id":"https:\/\/www.aurigaspa.com\/es\/noticias-y-medios-de-comunicacion\/blog-esp\/martin-espinel\/#primaryimage","url":"https:\/\/www.aurigaspa.com\/wp-content\/uploads\/martin-espinel.png","contentUrl":"https:\/\/www.aurigaspa.com\/wp-content\/uploads\/martin-espinel.png","width":850,"height":390,"caption":"martin espinel"},{"@type":"BreadcrumbList","@id":"https:\/\/www.aurigaspa.com\/es\/noticias-y-medios-de-comunicacion\/blog-esp\/martin-espinel\/#breadcrumb","itemListElement":[{"@type":"ListItem","position":1,"name":"Home","item":"https:\/\/www.aurigaspa.com\/es\/"},{"@type":"ListItem","position":2,"name":"Meet the Team: Mart\u00edn Espinel- Vicepresidente Comercial en Auriga LATAM"}]},{"@type":"WebSite","@id":"https:\/\/www.aurigaspa.com\/es\/#website","url":"https:\/\/www.aurigaspa.com\/es\/","name":"Auriga","description":"The banking evolution","publisher":{"@id":"https:\/\/www.aurigaspa.com\/es\/#organization"},"potentialAction":[{"@type":"SearchAction","target":{"@type":"EntryPoint","urlTemplate":"https:\/\/www.aurigaspa.com\/es\/?s={search_term_string}"},"query-input":{"@type":"PropertyValueSpecification","valueRequired":true,"valueName":"search_term_string"}}],"inLanguage":"es"},{"@type":"Organization","@id":"https:\/\/www.aurigaspa.com\/es\/#organization","name":"Auriga","url":"https:\/\/www.aurigaspa.com\/es\/","logo":{"@type":"ImageObject","inLanguage":"es","@id":"https:\/\/www.aurigaspa.com\/es\/#\/schema\/logo\/image\/","url":"https:\/\/www.aurigaspa.com\/wp-content\/uploads\/marchio_auriga_nopayoff_web.png","contentUrl":"https:\/\/www.aurigaspa.com\/wp-content\/uploads\/marchio_auriga_nopayoff_web.png","width":660,"height":360,"caption":"Auriga"},"image":{"@id":"https:\/\/www.aurigaspa.com\/es\/#\/schema\/logo\/image\/"},"sameAs":["https:\/\/www.facebook.com\/aurigaspa","https:\/\/www.instagram.com\/auriga_the_banking_evolution\/","https:\/\/www.linkedin.com\/company\/auriga-spa","https:\/\/www.youtube.com\/user\/aurigaspacom"]},{"@type":"Person","@id":"https:\/\/www.aurigaspa.com\/es\/#\/schema\/person\/8b3ed77214b1f6af4b421d4cf1c8dced","name":"Roberto","image":{"@type":"ImageObject","inLanguage":"es","@id":"https:\/\/secure.gravatar.com\/avatar\/a60dc2ae898eaddf9dc429fcf2a75cb42a37382c1fa0db640d0a6f6edd0b6fec?s=96&d=mm&r=g","url":"https:\/\/secure.gravatar.com\/avatar\/a60dc2ae898eaddf9dc429fcf2a75cb42a37382c1fa0db640d0a6f6edd0b6fec?s=96&d=mm&r=g","contentUrl":"https:\/\/secure.gravatar.com\/avatar\/a60dc2ae898eaddf9dc429fcf2a75cb42a37382c1fa0db640d0a6f6edd0b6fec?s=96&d=mm&r=g","caption":"Roberto"}}]}},"_links":{"self":[{"href":"https:\/\/www.aurigaspa.com\/es\/wp-json\/wp\/v2\/posts\/68604","targetHints":{"allow":["GET"]}}],"collection":[{"href":"https:\/\/www.aurigaspa.com\/es\/wp-json\/wp\/v2\/posts"}],"about":[{"href":"https:\/\/www.aurigaspa.com\/es\/wp-json\/wp\/v2\/types\/post"}],"author":[{"embeddable":true,"href":"https:\/\/www.aurigaspa.com\/es\/wp-json\/wp\/v2\/users\/1"}],"replies":[{"embeddable":true,"href":"https:\/\/www.aurigaspa.com\/es\/wp-json\/wp\/v2\/comments?post=68604"}],"version-history":[{"count":3,"href":"https:\/\/www.aurigaspa.com\/es\/wp-json\/wp\/v2\/posts\/68604\/revisions"}],"predecessor-version":[{"id":68621,"href":"https:\/\/www.aurigaspa.com\/es\/wp-json\/wp\/v2\/posts\/68604\/revisions\/68621"}],"wp:featuredmedia":[{"embeddable":true,"href":"https:\/\/www.aurigaspa.com\/es\/wp-json\/wp\/v2\/media\/68609"}],"wp:attachment":[{"href":"https:\/\/www.aurigaspa.com\/es\/wp-json\/wp\/v2\/media?parent=68604"}],"wp:term":[{"taxonomy":"category","embeddable":true,"href":"https:\/\/www.aurigaspa.com\/es\/wp-json\/wp\/v2\/categories?post=68604"},{"taxonomy":"post_tag","embeddable":true,"href":"https:\/\/www.aurigaspa.com\/es\/wp-json\/wp\/v2\/tags?post=68604"}],"curies":[{"name":"wp","href":"https:\/\/api.w.org\/{rel}","templated":true}]}}